{"id":590,"date":"2019-09-10T16:05:23","date_gmt":"2019-09-10T14:05:23","guid":{"rendered":"http:\/\/entreprendrexxl.be\/fr\/?p=590"},"modified":"2021-12-08T16:27:24","modified_gmt":"2021-12-08T15:27:24","slug":"atelier-thematique-comment-communiquer-efficacement-sur-mon-projet-entrepreneurial","status":"publish","type":"post","link":"https:\/\/entreprendrexxl.be\/nl\/atelier-thematique-comment-communiquer-efficacement-sur-mon-projet-entrepreneurial\/","title":{"rendered":"Atelier th\u00e9matique : \u00ab Comment communiquer efficacement sur mon projet entrepreneurial ? \u00bb"},"content":{"rendered":"<p><strong>L&#8217;asbl Entreprendre\u00a0XXL<\/strong>, en partenariat avec le <a href=\"http:\/\/www.dansaert.be\/guichet-fr\/\"><strong>Guichet d\u2019\u00e9conomie locale Dansaert<\/strong><\/a>, vous invite \u00e0 l\u2019atelier th\u00e9matique <strong>\u00abComment communiquer efficacement sur mon projet entrepreneurial ?\u00bb<\/strong>, anim\u00e9 par <a href=\"https:\/\/studio-alvin.com\/#\"><strong>Studio Alvin<\/strong><\/a> (agence de design graphique et web).<\/p>\n<ul>\n<li><strong>Pour qui ?<\/strong><\/li>\n<\/ul>\n<p>Cet atelier s\u2019adresse aux porteurs\u00b7euses de projets d\u00e9sirant acqu\u00e9rir de nouvelles comp\u00e9tences en communication.<\/p>\n<ul>\n<li><strong>Quoi ?<\/strong><\/li>\n<\/ul>\n<p>Il ne suffit pas d\u2019avoir un bon projet, encore faut-il pourvoir le communiquer de fa\u00e7on appropri\u00e9e et efficace.<\/p>\n<p>L\u2019atelier sera organis\u00e9 de la mani\u00e8re suivante :<\/p>\n<p>> Intervention de Maryem Ben Hadj, coach en cr\u00e9ation d\u2019entreprise au Guichet d\u2019\u00e9conomie locale Dansaert : comment pr\u00e9voir mon budget communication dans mon business model ?<\/p>\n<p>> Intervention du <a href=\"https:\/\/studio-alvin.com\/#\">Studio Alvin<\/a>, agence de design graphique et web, sur l\u2019importance d\u2019une bonne communication dans le d\u00e9veloppement d\u2019un projet entrepreneurial, les \u00e9l\u00e9ments essentiels d\u2019une communication efficace, l\u2019importance d\u2019une identit\u00e9 visuelle forte, la transposition de l\u2019identit\u00e9 visuelle dans l\u2019entreprise, la possibilit\u00e9 de communiquer \u00e0 moindre co\u00fbt, les trucs et astuces de pros de la communication.<\/p>\n<p>Cet atelier sera \u00e9galement l\u2019occasion de poser vos questions \u00e0 des professionnels du domaine.<\/p>\n<ul>\n<li><strong>Quand ? O\u00f9 ?<\/strong><\/li>\n<\/ul>\n<p><strong>Le mercredi 16 octobre, de 9h30 \u00e0 12h30.<\/strong><br \/>\n<strong>Rue Longue Vie 16, 1050 Ixelles.<\/strong><\/p>\n<ul>\n<li><strong>Comment ?<\/strong><\/li>\n<\/ul>\n<p>La participation \u00e0 l\u2019atelier est <span style=\"text-decoration: underline;\"><strong>gratuite<\/strong><\/span> mais <span style=\"text-decoration: underline;\"><strong>l\u2019inscription obligatoire<\/strong><\/span>, <span style=\"text-decoration: underline;\"><strong>le nombre de places \u00e9tant limit\u00e9<\/strong><\/span>. Si vous souhaitez y participer, veuillez envoyer un mail \u00e0 l\u2019adresse <a href=\"mailto:xxl.entreprendre@ixelles.brussels\">xxl.entreprendre@ixelles.brussels<\/a> ! Pour plus d\u2019informations, vous pouvez \u00e9galement appeler le 0490 52 24 17 !<\/p>\n<p><img loading=\"lazy\" decoding=\"async\" class=\"alignnone wp-image-547\" src=\"http:\/\/entreprendrexxl.be\/wp-content\/uploads\/2019\/04\/Acc\u00e8s-rapide-Logo-r\u00e9gional-2-300x138.jpg\" alt=\"\" width=\"178\" height=\"81\" srcset=\"https:\/\/entreprendrexxl.be\/wp-content\/uploads\/2019\/04\/Acc\u00e8s-rapide-Logo-r\u00e9gional-2-300x138.jpg 300w, https:\/\/entreprendrexxl.be\/wp-content\/uploads\/2019\/04\/Acc\u00e8s-rapide-Logo-r\u00e9gional-2-768x354.jpg 768w, https:\/\/entreprendrexxl.be\/wp-content\/uploads\/2019\/04\/Acc\u00e8s-rapide-Logo-r\u00e9gional-2-696x321.jpg 696w, https:\/\/entreprendrexxl.be\/wp-content\/uploads\/2019\/04\/Acc\u00e8s-rapide-Logo-r\u00e9gional-2.jpg 894w\" sizes=\"auto, (max-width: 178px) 100vw, 178px\" \/><img loading=\"lazy\" decoding=\"async\" class=\"alignnone wp-image-235\" src=\"http:\/\/entreprendrexxl.be\/wp-content\/uploads\/2017\/12\/geleconomielocale-1-300x204.jpg\" alt=\"\" width=\"174\" height=\"118\" srcset=\"https:\/\/entreprendrexxl.be\/wp-content\/uploads\/2017\/12\/geleconomielocale-1-300x204.jpg 300w, https:\/\/entreprendrexxl.be\/wp-content\/uploads\/2017\/12\/geleconomielocale-1-696x474.jpg 696w, https:\/\/entreprendrexxl.be\/wp-content\/uploads\/2017\/12\/geleconomielocale-1-617x420.jpg 617w, https:\/\/entreprendrexxl.be\/wp-content\/uploads\/2017\/12\/geleconomielocale-1.jpg 734w\" sizes=\"auto, (max-width: 174px) 100vw, 174px\" \/><img loading=\"lazy\" decoding=\"async\" class=\"alignnone wp-image-54\" src=\"http:\/\/entreprendrexxl.be\/wp-content\/uploads\/2017\/12\/logo-544x180_Plan-de-travail-1vv-e1568122901627-300x209.png\" alt=\"\" width=\"131\" height=\"91\" srcset=\"https:\/\/entreprendrexxl.be\/wp-content\/uploads\/2017\/12\/logo-544x180_Plan-de-travail-1vv-e1568122901627-300x209.png 300w, https:\/\/entreprendrexxl.be\/wp-content\/uploads\/2017\/12\/logo-544x180_Plan-de-travail-1vv-e1568122901627-100x70.png 100w, https:\/\/entreprendrexxl.be\/wp-content\/uploads\/2017\/12\/logo-544x180_Plan-de-travail-1vv-e1568122901627-218x150.png 218w, https:\/\/entreprendrexxl.be\/wp-content\/uploads\/2017\/12\/logo-544x180_Plan-de-travail-1vv-e1568122901627.png 404w\" sizes=\"auto, (max-width: 131px) 100vw, 131px\" \/><img loading=\"lazy\" decoding=\"async\" class=\"alignnone wp-image-546\" src=\"http:\/\/entreprendrexxl.be\/wp-content\/uploads\/2019\/04\/Acc\u00e8s-rapide-Logo-communal-300x110.jpg\" alt=\"\" width=\"158\" height=\"58\" srcset=\"https:\/\/entreprendrexxl.be\/wp-content\/uploads\/2019\/04\/Acc\u00e8s-rapide-Logo-communal-300x110.jpg 300w, https:\/\/entreprendrexxl.be\/wp-content\/uploads\/2019\/04\/Acc\u00e8s-rapide-Logo-communal-768x281.jpg 768w, https:\/\/entreprendrexxl.be\/wp-content\/uploads\/2019\/04\/Acc\u00e8s-rapide-Logo-communal-1024x374.jpg 1024w, https:\/\/entreprendrexxl.be\/wp-content\/uploads\/2019\/04\/Acc\u00e8s-rapide-Logo-communal-696x255.jpg 696w, https:\/\/entreprendrexxl.be\/wp-content\/uploads\/2019\/04\/Acc\u00e8s-rapide-Logo-communal-1068x391.jpg 1068w, https:\/\/entreprendrexxl.be\/wp-content\/uploads\/2019\/04\/Acc\u00e8s-rapide-Logo-communal-1149x420.jpg 1149w, https:\/\/entreprendrexxl.be\/wp-content\/uploads\/2019\/04\/Acc\u00e8s-rapide-Logo-communal-1920x702.jpg 1920w\" sizes=\"auto, (max-width: 158px) 100vw, 158px\" \/><\/p>\n<p><em>A l\u2019initiative du Bourgmestre, Christos Doulkeridis, et de l\u2019Echevine du Commerce et D\u00e9veloppement \u00e9conomique, Audrey Lhoest. Op initiatief van de Burgemeester, Christos Doulkeridis, en van de Schepen van Handel en Economische ontwikkeling, Audrey Lhoest.<\/em><\/p>\n","protected":false},"excerpt":{"rendered":"<p>L&#8217;asbl Entreprendre\u00a0XXL, en partenariat avec le Guichet d\u2019\u00e9conomie locale Dansaert, vous invite \u00e0 l\u2019atelier th\u00e9matique \u00abComment communiquer efficacement sur mon projet entrepreneurial ?\u00bb, anim\u00e9 par Studio Alvin (agence de design graphique et web). Pour qui ? Cet atelier s\u2019adresse aux porteurs\u00b7euses de projets d\u00e9sirant acqu\u00e9rir de nouvelles comp\u00e9tences en communication. Quoi ? Il ne suffit [&hellip;]<\/p>\n","protected":false},"author":3,"featured_media":595,"comment_status":"closed","ping_status":"open","sticky":false,"template":"","format":"standard","meta":{"footnotes":""},"categories":[7],"tags":[],"class_list":["post-590","post","type-post","status-publish","format-standard","has-post-thumbnail","hentry","category-agenda"],"_links":{"self":[{"href":"https:\/\/entreprendrexxl.be\/nl\/wp-json\/wp\/v2\/posts\/590","targetHints":{"allow":["GET"]}}],"collection":[{"href":"https:\/\/entreprendrexxl.be\/nl\/wp-json\/wp\/v2\/posts"}],"about":[{"href":"https:\/\/entreprendrexxl.be\/nl\/wp-json\/wp\/v2\/types\/post"}],"author":[{"embeddable":true,"href":"https:\/\/entreprendrexxl.be\/nl\/wp-json\/wp\/v2\/users\/3"}],"replies":[{"embeddable":true,"href":"https:\/\/entreprendrexxl.be\/nl\/wp-json\/wp\/v2\/comments?post=590"}],"version-history":[{"count":7,"href":"https:\/\/entreprendrexxl.be\/nl\/wp-json\/wp\/v2\/posts\/590\/revisions"}],"predecessor-version":[{"id":599,"href":"https:\/\/entreprendrexxl.be\/nl\/wp-json\/wp\/v2\/posts\/590\/revisions\/599"}],"wp:featuredmedia":[{"embeddable":true,"href":"https:\/\/entreprendrexxl.be\/nl\/wp-json\/wp\/v2\/media\/595"}],"wp:attachment":[{"href":"https:\/\/entreprendrexxl.be\/nl\/wp-json\/wp\/v2\/media?parent=590"}],"wp:term":[{"taxonomy":"category","embeddable":true,"href":"https:\/\/entreprendrexxl.be\/nl\/wp-json\/wp\/v2\/categories?post=590"},{"taxonomy":"post_tag","embeddable":true,"href":"https:\/\/entreprendrexxl.be\/nl\/wp-json\/wp\/v2\/tags?post=590"}],"curies":[{"name":"wp","href":"https:\/\/api.w.org\/{rel}","templated":true}]}}