{"id":795,"date":"2020-11-05T13:01:28","date_gmt":"2020-11-05T12:01:28","guid":{"rendered":"https:\/\/entreprendrexxl.be\/fr\/?p=795"},"modified":"2021-12-08T16:25:49","modified_gmt":"2021-12-08T15:25:49","slug":"semaine-des-entrepreneurs-bruxellois-du-1819-du-16-au-20-novembre","status":"publish","type":"post","link":"https:\/\/entreprendrexxl.be\/fr\/semaine-des-entrepreneurs-bruxellois-du-1819-du-16-au-20-novembre\/","title":{"rendered":"Semaine des entrepreneurs bruxellois du 16 au 20 novembre"},"content":{"rendered":"<p>Ch\u00e8res entrepreneuses, chers entrepreneurs,<\/p>\n<p>La commune d\u2019Ixelles est heureuse de vous annoncer sa participation \u00e0 la \u00ab\u00a0Semaine des entrepreneurs\u00a0\u00bb.<\/p>\n<p>Plus que jamais, il est important que vous puissiez b\u00e9n\u00e9ficier de toutes les aides et conseils de fa\u00e7on \u00e0 traverser cette p\u00e9riode de crise sanitaire dans les conditions les moins p\u00e9nibles possible.<\/p>\n<p><strong>La \u00ab\u00a0Semaine des entrepreneurs\u00a0\u00bb ,\u00a0et \u00ab\u00a0des\u00a0entrepreneuses\u00a0\u00bb!,\u00a0se d\u00e9roulera du\u00a016 au 20 novembre<\/strong> et est organis\u00e9e par\u00a0le 1819 (<a href=\"https:\/\/1819.brussels\/\">https:\/\/1819.brussels\/<\/a>), Service d&rsquo;information pour les entrepreneurs de la R\u00e9gion de Bruxelles-Capitale, en partenariat avec\u00a0hub.brussels, l\u2019UCM et UNIZO.<\/p>\n<p>Quels avantages pour vous? Vous pouvez vous inscrire <strong>gratuitement<\/strong> aux workshops, s\u00e9minaires, speed coaching et autres activit\u00e9s mises en place pour vous encourager \u00e0 vous lancer et vous aider \u00e0 relever les d\u00e9fis actuels, \u00e0 vous r\u00e9inventer, \u00e0 financer votre projet ou votre relance,&#8230;<\/p>\n<p>Je\u00a0vous invite notamment \u00e0 participer aux \u00e9v\u00e9nements suivants :<\/p>\n<p>&#8211; Faire le bilan sant\u00e9 de mon entreprise : le diagnostic 360<br \/>\nLundi 16\/11 de 9h \u00e0 10h (en digital)<\/p>\n<p>&#8211; Quelles solutions pour une entreprise en difficult\u00e9 ?<br \/>\nMardi 17\/11 de 18h30 \u00e0 19h30 (en digital)<\/p>\n<p>&#8211; Quelles aides et subsides pour lancer mon projet ?<br \/>\nMercredi 18\/11 de 18h30 \u00e0 19h30 (en digital)<\/p>\n<p>&#8211; Speed coaching<br \/>\nJeudi 19\/11 de 9h \u00e0\u00a013h (en digital)<\/p>\n<p>&#8211; Baux commerciaux : comment n\u00e9gocier avec son propri\u00e9taire ?<br \/>\nJeudi 19\/11 de 9h30 \u00e0 10h30 (en digital)<\/p>\n<p>&#8211; Comment booster la visibilit\u00e9 de mon commerce ?<br \/>\nJeudi 19\/11 de 18h30 \u00e0 19h30 (en digital)<\/p>\n<p><strong>D\u00e9couvrez le programme complet de la semaine et inscrivez-vous sur\u00a0 <\/strong><strong><a href=\"http:\/\/www.SemaineDesEntrepreneurs.brussels\">www.SemaineDesEntrepreneurs.brussels<\/a><\/strong><strong>\u00a0ou\u00a0<\/strong><strong><a href=\"http:\/\/www.WeekVanDeOndernemers.brussels\">www.WeekVanDeOndernemers.brussels<\/a><\/strong><\/p>\n<p>J&rsquo;en profite pour vous inviter \u00e9galement aux <strong>webinars organis\u00e9s par la commune d&rsquo;Ixelles<\/strong>, vous trouverez toutes les informations utiles \u00e0 l&rsquo;adresse de notre ASBL en Economie durable &#038; circulaire Entreprendre XXL :<strong> <a href=\"https:\/\/entreprendrexxl.be\/fr\/webinars-du-mois-de-novembre\/\">https:\/\/entreprendrexxl.be\/fr\/webinars-du-mois-de-novembre\/<\/a><\/strong><\/p>\n<p>Vous avez des questions? Vous souhaitez \u00eatre\u00a0accompagn\u00e9 en cette p\u00e9riode #COVID? N&rsquo;h\u00e9sitez pas \u00e0 consulter la page suivante <a href=\"http:\/\/www.ixelles.be\/site\/810-Mesures-de-soutien-aux-commercant-e-s\">http:\/\/www.ixelles.be\/site\/810-Mesures-de-soutien-aux-commercant-e-s<\/a><\/p>\n<p>La commune d&rsquo;Ixelles est \u00e0 vos c\u00f4t\u00e9s!<\/p>\n<p>Audrey Lhoest<br \/>\nPr\u00e9sidente du Conseil d\u2019Administration de l\u2019ASBL Entreprendre XXL<br \/>\n\u00c9chevine du Commerce et du D\u00e9veloppement \u00e9conomique de la Commune d\u2019Ixelles<\/p>\n","protected":false},"excerpt":{"rendered":"<p>Ch\u00e8res entrepreneuses, chers entrepreneurs, La commune d\u2019Ixelles est heureuse de vous annoncer sa participation \u00e0 la \u00ab\u00a0Semaine des entrepreneurs\u00a0\u00bb. Plus que jamais, il est important que vous puissiez b\u00e9n\u00e9ficier de toutes les aides et conseils de fa\u00e7on \u00e0 traverser cette p\u00e9riode de crise sanitaire dans les conditions les moins p\u00e9nibles possible. La \u00ab\u00a0Semaine des entrepreneurs\u00a0\u00bb [&hellip;]<\/p>\n","protected":false},"author":3,"featured_media":799,"comment_status":"closed","ping_status":"open","sticky":false,"template":"","format":"standard","meta":{"footnotes":""},"categories":[6,7],"tags":[],"class_list":["post-795","post","type-post","status-publish","format-standard","has-post-thumbnail","hentry","category-agenda-ixelles","category-agenda"],"_links":{"self":[{"href":"https:\/\/entreprendrexxl.be\/fr\/wp-json\/wp\/v2\/posts\/795","targetHints":{"allow":["GET"]}}],"collection":[{"href":"https:\/\/entreprendrexxl.be\/fr\/wp-json\/wp\/v2\/posts"}],"about":[{"href":"https:\/\/entreprendrexxl.be\/fr\/wp-json\/wp\/v2\/types\/post"}],"author":[{"embeddable":true,"href":"https:\/\/entreprendrexxl.be\/fr\/wp-json\/wp\/v2\/users\/3"}],"replies":[{"embeddable":true,"href":"https:\/\/entreprendrexxl.be\/fr\/wp-json\/wp\/v2\/comments?post=795"}],"version-history":[{"count":7,"href":"https:\/\/entreprendrexxl.be\/fr\/wp-json\/wp\/v2\/posts\/795\/revisions"}],"predecessor-version":[{"id":804,"href":"https:\/\/entreprendrexxl.be\/fr\/wp-json\/wp\/v2\/posts\/795\/revisions\/804"}],"wp:featuredmedia":[{"embeddable":true,"href":"https:\/\/entreprendrexxl.be\/fr\/wp-json\/wp\/v2\/media\/799"}],"wp:attachment":[{"href":"https:\/\/entreprendrexxl.be\/fr\/wp-json\/wp\/v2\/media?parent=795"}],"wp:term":[{"taxonomy":"category","embeddable":true,"href":"https:\/\/entreprendrexxl.be\/fr\/wp-json\/wp\/v2\/categories?post=795"},{"taxonomy":"post_tag","embeddable":true,"href":"https:\/\/entreprendrexxl.be\/fr\/wp-json\/wp\/v2\/tags?post=795"}],"curies":[{"name":"wp","href":"https:\/\/api.w.org\/{rel}","templated":true}]}}