{"id":739,"date":"2020-08-31T12:29:50","date_gmt":"2020-08-31T10:29:50","guid":{"rendered":"https:\/\/entreprendrexxl.be\/fr\/?p=739"},"modified":"2021-12-08T16:26:37","modified_gmt":"2021-12-08T15:26:37","slug":"webinar-%e2%80%a2-le-networking-professionnel-une-affaire-dhommes","status":"publish","type":"post","link":"https:\/\/entreprendrexxl.be\/fr\/webinar-%e2%80%a2-le-networking-professionnel-une-affaire-dhommes\/","title":{"rendered":"WEBINAR : Le networking professionnel, une affaire d\u2019hommes ?"},"content":{"rendered":"<p><strong>Entreprendre XXL <\/strong>vous invite au webinar <strong><em>Le networking professionnel, une affaire d\u2019hommes ?<\/em><\/strong>, anim\u00e9 par Anne Gadisseur, Conseill\u00e8re Entrepreneuriat F\u00e9minin chez CREDAL.<\/p>\n<p><strong>Pour qui ?<\/strong><\/p>\n<p>Cet atelier s\u2019adresse aux porteuses de projets &#8211; <u>s\u00e9ance exclusivement r\u00e9serv\u00e9e \u00e0 un public f\u00e9minin<\/u> &#8211; d\u00e9sirant d\u00e9velopper leur capacit\u00e9 de networking professionnel.<\/p>\n<p><strong>Quoi ?<\/strong><\/p>\n<p>La cr\u00e9ation d\u2019entreprise ou l\u2019entrepreneuriat ne se fait pas seule : c\u2019est avec les autres que l\u2019on r\u00e9ussit !<\/p>\n<p>L\u2019atelier a pour objectif de permettre \u00e0 chaque participante de construire son r\u00e9seau d\u2019affaires de fa\u00e7on professionnelle, pertinente et agr\u00e9able.<\/p>\n<p>Pour cela, il sera propos\u00e9 \u00e0 chacune :<\/p>\n<ul>\n<li>les bonnes pratiques pour r\u00e9seauter efficacement et faire de sa diff\u00e9rence une force<\/li>\n<li>les codes et utilit\u00e9s des r\u00e9seaux<\/li>\n<li>les crit\u00e8res de choix de ses r\u00e9seaux<\/li>\n<\/ul>\n<p><strong>Par qui ?<\/strong><\/p>\n<p>Anne Gadisseur,\u00a0 Conseill\u00e8re Entrepreneuriat F\u00e9minin chez CREDAL.<\/p>\n<p><strong>Quand\u00a0?<\/strong><\/p>\n<p><strong>Le 8 octobre, de 09h30 \u00e0 12h30<\/strong><\/p>\n<p><strong>Comment\u00a0?<\/strong><\/p>\n<p>La participation au webinar est <strong><u>gratuite<\/u><\/strong> mais <strong><u>l\u2019inscription obligatoire<\/u><\/strong>, <strong><u>le nombre de places \u00e9tant limit\u00e9 \u00e0 10 participantes<\/u><\/strong>. Si vous souhaitez y participer, veuillez envoyer un mail \u00e0 l\u2019adresse <a href=\"mailto:xxl.entreprendre@ixelles.brussels\">xxl.entreprendre@ixelles.brussels<\/a>\u00a0! Pour plus d\u2019informations, vous pouvez \u00e9galement appeler le 0490 52 24 17\u00a0!<\/p>\n<p><strong>Le webinar aura lieu avec l&rsquo;application de visioconf\u00e9rence <\/strong><a href=\"https:\/\/zoom.us\/\"><strong>Zoom<\/strong><\/a><strong>.<\/strong><\/p>\n<p><img loading=\"lazy\" decoding=\"async\" class=\"alignnone wp-image-681\" src=\"https:\/\/entreprendrexxl.be\/wp-content\/uploads\/2020\/01\/Acc\u00e8s-rapide-Logo-r\u00e9gional-2-e1582539203557-300x104.jpg\" alt=\"\" width=\"202\" height=\"70\" srcset=\"https:\/\/entreprendrexxl.be\/wp-content\/uploads\/2020\/01\/Acc\u00e8s-rapide-Logo-r\u00e9gional-2-e1582539203557-300x104.jpg 300w, https:\/\/entreprendrexxl.be\/wp-content\/uploads\/2020\/01\/Acc\u00e8s-rapide-Logo-r\u00e9gional-2-e1582539203557-768x267.jpg 768w, https:\/\/entreprendrexxl.be\/wp-content\/uploads\/2020\/01\/Acc\u00e8s-rapide-Logo-r\u00e9gional-2-e1582539203557-696x242.jpg 696w, https:\/\/entreprendrexxl.be\/wp-content\/uploads\/2020\/01\/Acc\u00e8s-rapide-Logo-r\u00e9gional-2-e1582539203557.jpg 772w\" sizes=\"auto, (max-width: 202px) 100vw, 202px\" \/>\u00a0 <img loading=\"lazy\" decoding=\"async\" class=\"alignnone wp-image-705\" src=\"https:\/\/entreprendrexxl.be\/wp-content\/uploads\/2020\/05\/logo_credal-278x300.jpg\" alt=\"\" width=\"85\" height=\"92\" srcset=\"https:\/\/entreprendrexxl.be\/wp-content\/uploads\/2020\/05\/logo_credal-278x300.jpg 278w, https:\/\/entreprendrexxl.be\/wp-content\/uploads\/2020\/05\/logo_credal-768x829.jpg 768w, https:\/\/entreprendrexxl.be\/wp-content\/uploads\/2020\/05\/logo_credal-949x1024.jpg 949w, https:\/\/entreprendrexxl.be\/wp-content\/uploads\/2020\/05\/logo_credal-696x751.jpg 696w, https:\/\/entreprendrexxl.be\/wp-content\/uploads\/2020\/05\/logo_credal-1068x1153.jpg 1068w, https:\/\/entreprendrexxl.be\/wp-content\/uploads\/2020\/05\/logo_credal-389x420.jpg 389w, https:\/\/entreprendrexxl.be\/wp-content\/uploads\/2020\/05\/logo_credal.jpg 1095w\" sizes=\"auto, (max-width: 85px) 100vw, 85px\" \/>\u00a0 \u00a0 \u00a0 <img loading=\"lazy\" decoding=\"async\" class=\"alignnone wp-image-732\" src=\"https:\/\/entreprendrexxl.be\/wp-content\/uploads\/2020\/06\/logo_entreprendrexxl_02.png\" alt=\"\" width=\"117\" height=\"98\" \/> <img loading=\"lazy\" decoding=\"async\" class=\"alignnone wp-image-546\" src=\"https:\/\/entreprendrexxl.be\/wp-content\/uploads\/2019\/04\/Acc\u00e8s-rapide-Logo-communal-300x110.jpg\" alt=\"\" width=\"152\" height=\"56\" srcset=\"https:\/\/entreprendrexxl.be\/wp-content\/uploads\/2019\/04\/Acc\u00e8s-rapide-Logo-communal-300x110.jpg 300w, https:\/\/entreprendrexxl.be\/wp-content\/uploads\/2019\/04\/Acc\u00e8s-rapide-Logo-communal-768x281.jpg 768w, https:\/\/entreprendrexxl.be\/wp-content\/uploads\/2019\/04\/Acc\u00e8s-rapide-Logo-communal-1024x374.jpg 1024w, https:\/\/entreprendrexxl.be\/wp-content\/uploads\/2019\/04\/Acc\u00e8s-rapide-Logo-communal-696x255.jpg 696w, https:\/\/entreprendrexxl.be\/wp-content\/uploads\/2019\/04\/Acc\u00e8s-rapide-Logo-communal-1068x391.jpg 1068w, https:\/\/entreprendrexxl.be\/wp-content\/uploads\/2019\/04\/Acc\u00e8s-rapide-Logo-communal-1149x420.jpg 1149w, https:\/\/entreprendrexxl.be\/wp-content\/uploads\/2019\/04\/Acc\u00e8s-rapide-Logo-communal-1920x702.jpg 1920w\" sizes=\"auto, (max-width: 152px) 100vw, 152px\" \/><\/p>\n<hr \/>\n<p><em>A l\u2019initiative du Bourgmestre, Christos Doulkeridis, d\u2019Audrey Lhoest, Echevine du Commerce et D\u00e9veloppement \u00e9conomique, des membres du Coll\u00e8ge Communal et avec le soutien financier de la R\u00e9gion de Bruxelles-Capitale dans le cadre du Contrat de Quartier Durable Ath\u00e9n\u00e9e. Op initiatief van de burgemeester Christos Doulkeridis, Audrey Lhoest, schepen van Handel en Economische ontwikkeling, de leden van het gemeentecollege en met de financi\u00eble steun van het Brussels Hoofdstedelijk Gewest in het kader van het duurzaam wijkcontract Atheneum.<\/em><\/p>\n","protected":false},"excerpt":{"rendered":"<p>Entreprendre XXL vous invite au webinar Le networking professionnel, une affaire d\u2019hommes ?, anim\u00e9 par Anne Gadisseur, Conseill\u00e8re Entrepreneuriat F\u00e9minin chez CREDAL. Pour qui ? Cet atelier s\u2019adresse aux porteuses de projets &#8211; s\u00e9ance exclusivement r\u00e9serv\u00e9e \u00e0 un public f\u00e9minin &#8211; d\u00e9sirant d\u00e9velopper leur capacit\u00e9 de networking professionnel. Quoi ? La cr\u00e9ation d\u2019entreprise ou l\u2019entrepreneuriat [&hellip;]<\/p>\n","protected":false},"author":3,"featured_media":741,"comment_status":"closed","ping_status":"open","sticky":false,"template":"","format":"standard","meta":{"footnotes":""},"categories":[6,7],"tags":[],"class_list":["post-739","post","type-post","status-publish","format-standard","has-post-thumbnail","hentry","category-agenda-ixelles","category-agenda"],"_links":{"self":[{"href":"https:\/\/entreprendrexxl.be\/fr\/wp-json\/wp\/v2\/posts\/739","targetHints":{"allow":["GET"]}}],"collection":[{"href":"https:\/\/entreprendrexxl.be\/fr\/wp-json\/wp\/v2\/posts"}],"about":[{"href":"https:\/\/entreprendrexxl.be\/fr\/wp-json\/wp\/v2\/types\/post"}],"author":[{"embeddable":true,"href":"https:\/\/entreprendrexxl.be\/fr\/wp-json\/wp\/v2\/users\/3"}],"replies":[{"embeddable":true,"href":"https:\/\/entreprendrexxl.be\/fr\/wp-json\/wp\/v2\/comments?post=739"}],"version-history":[{"count":3,"href":"https:\/\/entreprendrexxl.be\/fr\/wp-json\/wp\/v2\/posts\/739\/revisions"}],"predecessor-version":[{"id":743,"href":"https:\/\/entreprendrexxl.be\/fr\/wp-json\/wp\/v2\/posts\/739\/revisions\/743"}],"wp:featuredmedia":[{"embeddable":true,"href":"https:\/\/entreprendrexxl.be\/fr\/wp-json\/wp\/v2\/media\/741"}],"wp:attachment":[{"href":"https:\/\/entreprendrexxl.be\/fr\/wp-json\/wp\/v2\/media?parent=739"}],"wp:term":[{"taxonomy":"category","embeddable":true,"href":"https:\/\/entreprendrexxl.be\/fr\/wp-json\/wp\/v2\/categories?post=739"},{"taxonomy":"post_tag","embeddable":true,"href":"https:\/\/entreprendrexxl.be\/fr\/wp-json\/wp\/v2\/tags?post=739"}],"curies":[{"name":"wp","href":"https:\/\/api.w.org\/{rel}","templated":true}]}}