{"id":703,"date":"2020-05-20T10:06:11","date_gmt":"2020-05-20T08:06:11","guid":{"rendered":"http:\/\/entreprendrexxl.be\/fr\/?p=703"},"modified":"2021-12-08T16:26:41","modified_gmt":"2021-12-08T15:26:41","slug":"webinar-comment-pitcher-mon-projet-de-maniere-efficace-et-percutante","status":"publish","type":"post","link":"https:\/\/entreprendrexxl.be\/fr\/webinar-comment-pitcher-mon-projet-de-maniere-efficace-et-percutante\/","title":{"rendered":"WEBINAR : Comment pitcher mon projet de mani\u00e8re efficace et percutante ?"},"content":{"rendered":"<p><strong>Entreprendre XXL <\/strong>vous invite au webinar <strong><em>Comment pitcher mon projet de mani\u00e8re efficace et percutante ?<\/em><\/strong>, anim\u00e9 par Anne Gadisseur,\u00a0 Conseill\u00e8re Entrepreneuriat F\u00e9minin chez CREDAL.<\/p>\n<p><strong>Pour qui ?<\/strong><\/p>\n<p>Cet atelier s\u2019adresse aux porteuses de projets &#8211;\u00a0<span style=\"text-decoration: underline;\">s\u00e9ance exclusivement r\u00e9serv\u00e9e \u00e0 un public f\u00e9minin<\/span> &#8211;\u00a0d\u00e9sirant d\u00e9velopper leur capacit\u00e9 \u00e0 pitcher leur projet.<\/p>\n<p><strong>Quoi ?<\/strong><\/p>\n<p>Cr\u00e9er son entreprise r\u00e9clame des comp\u00e9tences diverses : bonne gestion, cr\u00e9ativit\u00e9, communication ad\u00e9quate. Et communiquer efficacement demande de l\u2019assurance et de la repartie, deux comp\u00e9tences qui peuvent se d\u00e9velopper.<\/p>\n<p>Cet atelier permettra aux participantes\u00a0:<\/p>\n<ul>\n<li>De comprendre et travailler la structure d\u2019un pitch pour pr\u00e9senter son projet devant un public sp\u00e9cifique\u00a0;<\/li>\n<li>De conna\u00eetre les astuces utiles pour g\u00e9rer sa posture pour transmettre son enthousiasme et se sentir bien dans une activit\u00e9 de networking.<\/li>\n<\/ul>\n<p><strong>Par qui ?<\/strong><\/p>\n<p>Anne Gadisseur,\u00a0 Conseill\u00e8re Entrepreneuriat F\u00e9minin chez CREDAL.<\/p>\n<p><strong>Quand\u00a0?<\/strong><\/p>\n<p><strong>Le 11 juin, de 10h00 \u00e0 12h00 + exercice de 14h30 \u00e0 16h00<\/strong><\/p>\n<p><strong>Comment\u00a0?<\/strong><\/p>\n<p>La participation au webinar est <strong><u>gratuite<\/u><\/strong> mais <strong><u>l\u2019inscription obligatoire<\/u><\/strong>, <strong><u>le nombre de places \u00e9tant limit\u00e9 \u00e0 10 participantes<\/u><\/strong>. Si vous souhaitez y participer, veuillez envoyer un mail \u00e0 l\u2019adresse <a href=\"mailto:xxl.entreprendre@ixelles.brussels\">xxl.entreprendre@ixelles.brussels<\/a>\u00a0! Pour plus d\u2019informations, vous pouvez \u00e9galement appeler le 0490 52 24 17\u00a0!<\/p>\n<p><strong>Le webinar aura lieu avec l&rsquo;application de visioconf\u00e9rence <\/strong><a href=\"https:\/\/zoom.us\/\"><strong>Zoom<\/strong><\/a><strong>.<\/strong><\/p>\n<p>&nbsp;<\/p>\n<p><img loading=\"lazy\" decoding=\"async\" class=\"alignnone wp-image-681\" src=\"http:\/\/entreprendrexxl.be\/wp-content\/uploads\/2020\/01\/Acc\u00e8s-rapide-Logo-r\u00e9gional-2-e1582539203557-300x104.jpg\" alt=\"\" width=\"170\" height=\"59\" srcset=\"https:\/\/entreprendrexxl.be\/wp-content\/uploads\/2020\/01\/Acc\u00e8s-rapide-Logo-r\u00e9gional-2-e1582539203557-300x104.jpg 300w, https:\/\/entreprendrexxl.be\/wp-content\/uploads\/2020\/01\/Acc\u00e8s-rapide-Logo-r\u00e9gional-2-e1582539203557-768x267.jpg 768w, https:\/\/entreprendrexxl.be\/wp-content\/uploads\/2020\/01\/Acc\u00e8s-rapide-Logo-r\u00e9gional-2-e1582539203557-696x242.jpg 696w, https:\/\/entreprendrexxl.be\/wp-content\/uploads\/2020\/01\/Acc\u00e8s-rapide-Logo-r\u00e9gional-2-e1582539203557.jpg 772w\" sizes=\"auto, (max-width: 170px) 100vw, 170px\" \/>\u00a0 \u00a0 \u00a0<img loading=\"lazy\" decoding=\"async\" class=\"alignnone wp-image-705\" src=\"http:\/\/entreprendrexxl.be\/wp-content\/uploads\/2020\/05\/logo_credal-278x300.jpg\" alt=\"\" width=\"81\" height=\"87\" srcset=\"https:\/\/entreprendrexxl.be\/wp-content\/uploads\/2020\/05\/logo_credal-278x300.jpg 278w, https:\/\/entreprendrexxl.be\/wp-content\/uploads\/2020\/05\/logo_credal-768x829.jpg 768w, https:\/\/entreprendrexxl.be\/wp-content\/uploads\/2020\/05\/logo_credal-949x1024.jpg 949w, https:\/\/entreprendrexxl.be\/wp-content\/uploads\/2020\/05\/logo_credal-696x751.jpg 696w, https:\/\/entreprendrexxl.be\/wp-content\/uploads\/2020\/05\/logo_credal-1068x1153.jpg 1068w, https:\/\/entreprendrexxl.be\/wp-content\/uploads\/2020\/05\/logo_credal-389x420.jpg 389w, https:\/\/entreprendrexxl.be\/wp-content\/uploads\/2020\/05\/logo_credal.jpg 1095w\" sizes=\"auto, (max-width: 81px) 100vw, 81px\" \/>\u00a0 \u00a0 \u00a0 \u00a0\u00a0<img loading=\"lazy\" decoding=\"async\" class=\"alignnone wp-image-54\" src=\"http:\/\/entreprendrexxl.be\/wp-content\/uploads\/2017\/12\/logo-544x180_Plan-de-travail-1vv-e1568122901627-300x209.png\" alt=\"\" width=\"131\" height=\"91\" srcset=\"https:\/\/entreprendrexxl.be\/wp-content\/uploads\/2017\/12\/logo-544x180_Plan-de-travail-1vv-e1568122901627-300x209.png 300w, https:\/\/entreprendrexxl.be\/wp-content\/uploads\/2017\/12\/logo-544x180_Plan-de-travail-1vv-e1568122901627-100x70.png 100w, https:\/\/entreprendrexxl.be\/wp-content\/uploads\/2017\/12\/logo-544x180_Plan-de-travail-1vv-e1568122901627-218x150.png 218w, https:\/\/entreprendrexxl.be\/wp-content\/uploads\/2017\/12\/logo-544x180_Plan-de-travail-1vv-e1568122901627.png 404w\" sizes=\"auto, (max-width: 131px) 100vw, 131px\" \/>\u00a0 \u00a0 <img loading=\"lazy\" decoding=\"async\" class=\"alignnone wp-image-546\" src=\"http:\/\/entreprendrexxl.be\/wp-content\/uploads\/2019\/04\/Acc\u00e8s-rapide-Logo-communal-300x110.jpg\" alt=\"\" width=\"148\" height=\"54\" srcset=\"https:\/\/entreprendrexxl.be\/wp-content\/uploads\/2019\/04\/Acc\u00e8s-rapide-Logo-communal-300x110.jpg 300w, https:\/\/entreprendrexxl.be\/wp-content\/uploads\/2019\/04\/Acc\u00e8s-rapide-Logo-communal-768x281.jpg 768w, https:\/\/entreprendrexxl.be\/wp-content\/uploads\/2019\/04\/Acc\u00e8s-rapide-Logo-communal-1024x374.jpg 1024w, https:\/\/entreprendrexxl.be\/wp-content\/uploads\/2019\/04\/Acc\u00e8s-rapide-Logo-communal-696x255.jpg 696w, https:\/\/entreprendrexxl.be\/wp-content\/uploads\/2019\/04\/Acc\u00e8s-rapide-Logo-communal-1068x391.jpg 1068w, https:\/\/entreprendrexxl.be\/wp-content\/uploads\/2019\/04\/Acc\u00e8s-rapide-Logo-communal-1149x420.jpg 1149w, https:\/\/entreprendrexxl.be\/wp-content\/uploads\/2019\/04\/Acc\u00e8s-rapide-Logo-communal-1920x702.jpg 1920w\" sizes=\"auto, (max-width: 148px) 100vw, 148px\" \/><\/p>\n<hr \/>\n<h6><em>A l\u2019initiative du Bourgmestre, Christos Doulkeridis, d\u2019Audrey Lhoest, Echevine du Commerce et D\u00e9veloppement \u00e9conomique, des membres du Coll\u00e8ge Communal et avec le soutien financier de la R\u00e9gion de Bruxelles-Capitale dans le cadre du Contrat de Quartier Durable Ath\u00e9n\u00e9e. <\/em><em>Op initiatief van de burgemeester Christos Doulkeridis, Audrey Lhoest, schepen van Handel en Economische ontwikkeling, de leden van het gemeentecollege en met de financi\u00eble steun van het Brussels Hoofdstedelijk Gewest in het kader van het duurzaam wijkcontract Atheneum.<\/em><\/h6>\n","protected":false},"excerpt":{"rendered":"<p>Entreprendre XXL vous invite au webinar Comment pitcher mon projet de mani\u00e8re efficace et percutante ?, anim\u00e9 par Anne Gadisseur,\u00a0 Conseill\u00e8re Entrepreneuriat F\u00e9minin chez CREDAL. Pour qui ? Cet atelier s\u2019adresse aux porteuses de projets &#8211;\u00a0s\u00e9ance exclusivement r\u00e9serv\u00e9e \u00e0 un public f\u00e9minin &#8211;\u00a0d\u00e9sirant d\u00e9velopper leur capacit\u00e9 \u00e0 pitcher leur projet. Quoi ? Cr\u00e9er son entreprise [&hellip;]<\/p>\n","protected":false},"author":3,"featured_media":704,"comment_status":"closed","ping_status":"open","sticky":false,"template":"","format":"standard","meta":{"footnotes":""},"categories":[6,7],"tags":[],"class_list":["post-703","post","type-post","status-publish","format-standard","has-post-thumbnail","hentry","category-agenda-ixelles","category-agenda"],"_links":{"self":[{"href":"https:\/\/entreprendrexxl.be\/fr\/wp-json\/wp\/v2\/posts\/703","targetHints":{"allow":["GET"]}}],"collection":[{"href":"https:\/\/entreprendrexxl.be\/fr\/wp-json\/wp\/v2\/posts"}],"about":[{"href":"https:\/\/entreprendrexxl.be\/fr\/wp-json\/wp\/v2\/types\/post"}],"author":[{"embeddable":true,"href":"https:\/\/entreprendrexxl.be\/fr\/wp-json\/wp\/v2\/users\/3"}],"replies":[{"embeddable":true,"href":"https:\/\/entreprendrexxl.be\/fr\/wp-json\/wp\/v2\/comments?post=703"}],"version-history":[{"count":2,"href":"https:\/\/entreprendrexxl.be\/fr\/wp-json\/wp\/v2\/posts\/703\/revisions"}],"predecessor-version":[{"id":707,"href":"https:\/\/entreprendrexxl.be\/fr\/wp-json\/wp\/v2\/posts\/703\/revisions\/707"}],"wp:featuredmedia":[{"embeddable":true,"href":"https:\/\/entreprendrexxl.be\/fr\/wp-json\/wp\/v2\/media\/704"}],"wp:attachment":[{"href":"https:\/\/entreprendrexxl.be\/fr\/wp-json\/wp\/v2\/media?parent=703"}],"wp:term":[{"taxonomy":"category","embeddable":true,"href":"https:\/\/entreprendrexxl.be\/fr\/wp-json\/wp\/v2\/categories?post=703"},{"taxonomy":"post_tag","embeddable":true,"href":"https:\/\/entreprendrexxl.be\/fr\/wp-json\/wp\/v2\/tags?post=703"}],"curies":[{"name":"wp","href":"https:\/\/api.w.org\/{rel}","templated":true}]}}