{"id":602,"date":"2019-10-15T17:17:28","date_gmt":"2019-10-15T15:17:28","guid":{"rendered":"http:\/\/entreprendrexxl.be\/fr\/?p=602"},"modified":"2021-12-08T16:27:19","modified_gmt":"2021-12-08T15:27:19","slug":"atelier-thematique-entrepreneuriat-feminin","status":"publish","type":"post","link":"https:\/\/entreprendrexxl.be\/fr\/atelier-thematique-entrepreneuriat-feminin\/","title":{"rendered":"Atelier th\u00e9matique :   \u00ab Entrepreneuriat f\u00e9minin \u00bb"},"content":{"rendered":"<p>L\u2019asbl XXL Entreprendre vous invite \u00e0 l\u2019atelier th\u00e9matique \u00ab Entrepreneuriat f\u00e9minin \u00bb, anim\u00e9 par <a href=\"https:\/\/tinadonadieucoaching.com\/\">Tina Donadieu<\/a> (coache entrepreneuriale).<\/p>\n<p><strong>Pour qui ?<\/strong><br \/>\nCet atelier s\u2019adresse aux porteuses de projets d\u00e9sirant apprendre \u00e0 d\u00e9marrer leur(s) projet(s) en confiance et sur de bonnes bases.<\/p>\n<p><strong>Quoi ?<\/strong><br \/>\nLes femmes sont 2 fois moins nombreuses que les hommes \u00e0 avoir le statut d\u2019ind\u00e9pendant \u00e0 Bruxelles (selon le Barom\u00e8tre de l\u2019entrepreneuriat f\u00e9minin \u00e0 Bruxelles &#8211; version 2017). Cette diff\u00e9rence s\u2019explique par des freins \u00e0 l\u2019entrepreneuriat, dont la conciliation entre vie professionnelle et vie familiale, le manque de confiance en soi ou, encore, la sous-utilisation des r\u00e9seaux en vue de d\u00e9velopper le business\u2026<br \/>\nL\u2019objectif de cet atelier est de soutenir les entrepreneuses et de lever ces freins pour leur permettre de d\u00e9marrer leur projet en confiance et sur des bonnes bases.<\/p>\n<ol>\n<li>Avec le SWOT (Strengths &#8211; Weaknesses &#8211; Opportunities &#8211; Threats), vous apprendrez \u00e0 mieux vous connaitre en identifiant vos forces, vos faiblesses et vos motivations ;<\/li>\n<li>Avec le BMC (Business Model Canvas), vous pourrez structurer et clarifier votre business pour \u00eatre en mesure de d\u00e9livrer un message clair qui puisse convaincre des partenaires, des clients et, si n\u00e9cessaire, des banquiers ;<\/li>\n<li>Gr\u00e2ce aux \u00e9changes sur le th\u00e8me \u00ab comment d\u00e9velopper son r\u00e9seau pour d\u00e9velopper son business \u00bb, vous serez sensibilis\u00e9es \u00e0 l\u2019importance du r\u00e9seautage pour la r\u00e9ussite de votre projet.<\/li>\n<\/ol>\n<p><strong>Quand ? O\u00f9 ?<\/strong><br \/>\nLe mercredi <strong>20 novembre, de 9h30 \u00e0 12h30<\/strong>.<br \/>\n<strong>Maison de la Solidarit\u00e9 \u2013 rue du Viaduc, 133 (1e \u00e9tage), 1050 Ixelles \u2013 Salle LAFONTAINE<\/strong>.<\/p>\n<p><strong>Comment ?<\/strong><br \/>\nLa participation \u00e0 l\u2019atelier est <span style=\"text-decoration: underline;\"><strong>gratuite<\/strong> <\/span>mais l<strong>\u2019<span style=\"text-decoration: underline;\">inscription obligatoire<\/span><\/strong>, le nombre de places \u00e9tant limit\u00e9. Si vous souhaitez y participer, veuillez envoyer un mail \u00e0 l\u2019adresse <a href=\"xxl.entreprendre@ixelles.brussels\">xxl.entreprendre@ixelles.brussels<\/a> ! Pour plus d\u2019informations, vous pouvez \u00e9galement appeler le 0490 52 24 17 !<\/p>\n<p><img loading=\"lazy\" decoding=\"async\" class=\"alignnone wp-image-547\" src=\"http:\/\/entreprendrexxl.be\/wp-content\/uploads\/2019\/04\/Acc\u00e8s-rapide-Logo-r\u00e9gional-2-300x138.jpg\" alt=\"\" width=\"194\" height=\"89\" srcset=\"https:\/\/entreprendrexxl.be\/wp-content\/uploads\/2019\/04\/Acc\u00e8s-rapide-Logo-r\u00e9gional-2-300x138.jpg 300w, https:\/\/entreprendrexxl.be\/wp-content\/uploads\/2019\/04\/Acc\u00e8s-rapide-Logo-r\u00e9gional-2-768x354.jpg 768w, https:\/\/entreprendrexxl.be\/wp-content\/uploads\/2019\/04\/Acc\u00e8s-rapide-Logo-r\u00e9gional-2-696x321.jpg 696w, https:\/\/entreprendrexxl.be\/wp-content\/uploads\/2019\/04\/Acc\u00e8s-rapide-Logo-r\u00e9gional-2.jpg 894w\" sizes=\"auto, (max-width: 194px) 100vw, 194px\" \/><img loading=\"lazy\" decoding=\"async\" class=\"alignnone wp-image-92\" src=\"http:\/\/entreprendrexxl.be\/wp-content\/uploads\/2017\/12\/gelbxlville_fr.jpg\" alt=\"\" width=\"127\" height=\"106\" \/><img loading=\"lazy\" decoding=\"async\" class=\"alignnone wp-image-31\" src=\"http:\/\/entreprendrexxl.be\/wp-content\/uploads\/2017\/12\/LOGO-200x200_Plan-de-travail-1vv-1-e1513347965201-300x213.png\" alt=\"\" width=\"140\" height=\"100\" srcset=\"https:\/\/entreprendrexxl.be\/wp-content\/uploads\/2017\/12\/LOGO-200x200_Plan-de-travail-1vv-1-e1513347965201-300x213.png 300w, https:\/\/entreprendrexxl.be\/wp-content\/uploads\/2017\/12\/LOGO-200x200_Plan-de-travail-1vv-1-e1513347965201-100x70.png 100w, https:\/\/entreprendrexxl.be\/wp-content\/uploads\/2017\/12\/LOGO-200x200_Plan-de-travail-1vv-1-e1513347965201.png 381w\" sizes=\"auto, (max-width: 140px) 100vw, 140px\" \/>\u00a0\u00a0<img loading=\"lazy\" decoding=\"async\" class=\"alignnone wp-image-546\" src=\"http:\/\/entreprendrexxl.be\/wp-content\/uploads\/2019\/04\/Acc\u00e8s-rapide-Logo-communal-300x110.jpg\" alt=\"\" width=\"178\" height=\"65\" srcset=\"https:\/\/entreprendrexxl.be\/wp-content\/uploads\/2019\/04\/Acc\u00e8s-rapide-Logo-communal-300x110.jpg 300w, https:\/\/entreprendrexxl.be\/wp-content\/uploads\/2019\/04\/Acc\u00e8s-rapide-Logo-communal-768x281.jpg 768w, https:\/\/entreprendrexxl.be\/wp-content\/uploads\/2019\/04\/Acc\u00e8s-rapide-Logo-communal-1024x374.jpg 1024w, https:\/\/entreprendrexxl.be\/wp-content\/uploads\/2019\/04\/Acc\u00e8s-rapide-Logo-communal-696x255.jpg 696w, https:\/\/entreprendrexxl.be\/wp-content\/uploads\/2019\/04\/Acc\u00e8s-rapide-Logo-communal-1068x391.jpg 1068w, https:\/\/entreprendrexxl.be\/wp-content\/uploads\/2019\/04\/Acc\u00e8s-rapide-Logo-communal-1149x420.jpg 1149w, https:\/\/entreprendrexxl.be\/wp-content\/uploads\/2019\/04\/Acc\u00e8s-rapide-Logo-communal-1920x702.jpg 1920w\" sizes=\"auto, (max-width: 178px) 100vw, 178px\" \/><\/p>\n<hr \/>\n<p><em>A l\u2019initiative du Bourgmestre, Christos Doulkeridis, et d\u2019Audrey Lhoest, Echevine du Commerce et D\u00e9veloppement \u00e9conomique.<\/em><\/p>\n","protected":false},"excerpt":{"rendered":"<p>L\u2019asbl XXL Entreprendre vous invite \u00e0 l\u2019atelier th\u00e9matique \u00ab Entrepreneuriat f\u00e9minin \u00bb, anim\u00e9 par Tina Donadieu (coache entrepreneuriale). Pour qui ? Cet atelier s\u2019adresse aux porteuses de projets d\u00e9sirant apprendre \u00e0 d\u00e9marrer leur(s) projet(s) en confiance et sur de bonnes bases. Quoi ? Les femmes sont 2 fois moins nombreuses que les hommes \u00e0 avoir [&hellip;]<\/p>\n","protected":false},"author":3,"featured_media":607,"comment_status":"closed","ping_status":"open","sticky":false,"template":"","format":"standard","meta":{"footnotes":""},"categories":[7],"tags":[],"class_list":["post-602","post","type-post","status-publish","format-standard","has-post-thumbnail","hentry","category-agenda"],"_links":{"self":[{"href":"https:\/\/entreprendrexxl.be\/fr\/wp-json\/wp\/v2\/posts\/602","targetHints":{"allow":["GET"]}}],"collection":[{"href":"https:\/\/entreprendrexxl.be\/fr\/wp-json\/wp\/v2\/posts"}],"about":[{"href":"https:\/\/entreprendrexxl.be\/fr\/wp-json\/wp\/v2\/types\/post"}],"author":[{"embeddable":true,"href":"https:\/\/entreprendrexxl.be\/fr\/wp-json\/wp\/v2\/users\/3"}],"replies":[{"embeddable":true,"href":"https:\/\/entreprendrexxl.be\/fr\/wp-json\/wp\/v2\/comments?post=602"}],"version-history":[{"count":10,"href":"https:\/\/entreprendrexxl.be\/fr\/wp-json\/wp\/v2\/posts\/602\/revisions"}],"predecessor-version":[{"id":614,"href":"https:\/\/entreprendrexxl.be\/fr\/wp-json\/wp\/v2\/posts\/602\/revisions\/614"}],"wp:featuredmedia":[{"embeddable":true,"href":"https:\/\/entreprendrexxl.be\/fr\/wp-json\/wp\/v2\/media\/607"}],"wp:attachment":[{"href":"https:\/\/entreprendrexxl.be\/fr\/wp-json\/wp\/v2\/media?parent=602"}],"wp:term":[{"taxonomy":"category","embeddable":true,"href":"https:\/\/entreprendrexxl.be\/fr\/wp-json\/wp\/v2\/categories?post=602"},{"taxonomy":"post_tag","embeddable":true,"href":"https:\/\/entreprendrexxl.be\/fr\/wp-json\/wp\/v2\/tags?post=602"}],"curies":[{"name":"wp","href":"https:\/\/api.w.org\/{rel}","templated":true}]}}