{"id":581,"date":"2019-09-03T16:04:04","date_gmt":"2019-09-03T14:04:04","guid":{"rendered":"http:\/\/entreprendrexxl.be\/fr\/?p=581"},"modified":"2021-12-08T16:27:28","modified_gmt":"2021-12-08T15:27:28","slug":"conference-debat-leconomie-circulaire-et-durable","status":"publish","type":"post","link":"https:\/\/entreprendrexxl.be\/fr\/conference-debat-leconomie-circulaire-et-durable\/","title":{"rendered":"Conf\u00e9rence-d\u00e9bat : l&rsquo;\u00e9conomie circulaire et durable"},"content":{"rendered":"<p>Le Guichet Entreprendre de la Commune d\u2019Ixelles, d\u00e9pendant des Cellules Commerce et D\u00e9veloppement \u00e9conomique, organise, en collaboration avec La F\u00e9d\u00e9ration Horeca Bruxelles et l\u2019Union Professionnelle Hospitality Tourism Commerce,\u00a0<strong>une conf\u00e9rence-d\u00e9bat relative \u00e0 l&rsquo;\u00e9conomie circulaire et durable<\/strong>.<\/p>\n<p><strong>La conf\u00e9rence aura lieu le mercredi 18 septembre prochain de 15h00 \u00e0 17h30 au Th\u00e9\u00e2tre Mercelis, situ\u00e9 au n\u00b013 de la rue Mercelis au 1e \u00e9tage \u00e0 Ixelles.<\/strong><\/p>\n<p>La conf\u00e9rence sera suivie d&rsquo;un <strong>drink<\/strong> lors duquel vous pourrez rencontrer les orateurs et oratrices.<\/p>\n<p>La participation \u00e0 la conf\u00e9rence est gratuite mais l\u2019inscription obligatoire.<\/p>\n<p>Si vous souhaitez y participer, veuillez envoyer un mail \u00e0 l\u2019adresse\u00a0<a href=\"mailto:entreprendre@ixelles.brussels\">entreprendre@ixelles.brussels<\/a>\u00a0ou appeler le 0800\/855.87 !<\/p>\n","protected":false},"excerpt":{"rendered":"<p>Le Guichet Entreprendre de la Commune d\u2019Ixelles, d\u00e9pendant des Cellules Commerce et D\u00e9veloppement \u00e9conomique, organise, en collaboration avec La F\u00e9d\u00e9ration Horeca Bruxelles et l\u2019Union Professionnelle Hospitality Tourism Commerce,\u00a0une conf\u00e9rence-d\u00e9bat relative \u00e0 l&rsquo;\u00e9conomie circulaire et durable. La conf\u00e9rence aura lieu le mercredi 18 septembre prochain de 15h00 \u00e0 17h30 au Th\u00e9\u00e2tre Mercelis, situ\u00e9 au n\u00b013 de [&hellip;]<\/p>\n","protected":false},"author":3,"featured_media":584,"comment_status":"closed","ping_status":"open","sticky":false,"template":"","format":"standard","meta":{"footnotes":""},"categories":[7],"tags":[],"class_list":["post-581","post","type-post","status-publish","format-standard","has-post-thumbnail","hentry","category-agenda"],"_links":{"self":[{"href":"https:\/\/entreprendrexxl.be\/fr\/wp-json\/wp\/v2\/posts\/581","targetHints":{"allow":["GET"]}}],"collection":[{"href":"https:\/\/entreprendrexxl.be\/fr\/wp-json\/wp\/v2\/posts"}],"about":[{"href":"https:\/\/entreprendrexxl.be\/fr\/wp-json\/wp\/v2\/types\/post"}],"author":[{"embeddable":true,"href":"https:\/\/entreprendrexxl.be\/fr\/wp-json\/wp\/v2\/users\/3"}],"replies":[{"embeddable":true,"href":"https:\/\/entreprendrexxl.be\/fr\/wp-json\/wp\/v2\/comments?post=581"}],"version-history":[{"count":5,"href":"https:\/\/entreprendrexxl.be\/fr\/wp-json\/wp\/v2\/posts\/581\/revisions"}],"predecessor-version":[{"id":588,"href":"https:\/\/entreprendrexxl.be\/fr\/wp-json\/wp\/v2\/posts\/581\/revisions\/588"}],"wp:featuredmedia":[{"embeddable":true,"href":"https:\/\/entreprendrexxl.be\/fr\/wp-json\/wp\/v2\/media\/584"}],"wp:attachment":[{"href":"https:\/\/entreprendrexxl.be\/fr\/wp-json\/wp\/v2\/media?parent=581"}],"wp:term":[{"taxonomy":"category","embeddable":true,"href":"https:\/\/entreprendrexxl.be\/fr\/wp-json\/wp\/v2\/categories?post=581"},{"taxonomy":"post_tag","embeddable":true,"href":"https:\/\/entreprendrexxl.be\/fr\/wp-json\/wp\/v2\/tags?post=581"}],"curies":[{"name":"wp","href":"https:\/\/api.w.org\/{rel}","templated":true}]}}