{"id":521,"date":"2019-03-04T14:36:01","date_gmt":"2019-03-04T13:36:01","guid":{"rendered":"http:\/\/entreprendrexxl.be\/fr\/?p=521"},"modified":"2021-12-08T16:27:58","modified_gmt":"2021-12-08T15:27:58","slug":"une-soiree-pour-repondre-a-toutes-vos-questions","status":"publish","type":"post","link":"https:\/\/entreprendrexxl.be\/fr\/une-soiree-pour-repondre-a-toutes-vos-questions\/","title":{"rendered":"Une soir\u00e9e pour r\u00e9pondre \u00e0 toutes vos questions !"},"content":{"rendered":"<p><strong>Au programme<\/strong><\/p>\n<p>Que vous soyez au d\u00e9marrage ou d\u00e9j\u00e0 en activit\u00e9, les<br \/>\nassociations Ixelloises de soutien \u00e0 l\u2019entrepreneuriat et <strong>micro<\/strong><em><strong>Start<\/strong><\/em>\u00a0se rassemblent pour vous\u00a0guider dans votre r\u00e9flexion.<\/p>\n<ul>\n<li><strong>18h &#8211; 19h :\u00a0<\/strong>\n<ul>\n<li>Diagnostic de vos besoins<\/li>\n<li>Orientation vers la structure ad\u00e9quate<\/li>\n<li>Entretien individuel pour r\u00e9pondre directement \u00e0 vos questions<\/li>\n<\/ul>\n<\/li>\n<li><strong>19h &#8211; 21h :<\/strong>\u00a0L\u2019\u00e9v\u00e8nement se veut festif !\n<ul>\n<li>Ap\u00e9ro d\u00eenatoire en partenariat avec <a href=\"https:\/\/refreshbxl.com\/\">Refresh Bruxelles<\/a><\/li>\n<li>Animations pour vous permettre\u00a0d\u2019\u00e9changer avec les entrepreneur.e.s et associations de votre quartier<\/li>\n<li>Nombreuses surprises\u00a0!<\/li>\n<\/ul>\n<\/li>\n<\/ul>\n<p><strong>QUAND ?\u00a0<\/strong><\/p>\n<p><strong>Le Lundi 18 Mars 2019 \u00e0 18h<\/strong><\/p>\n<p><strong>O\u00d9 ?<\/strong><\/p>\n<p><strong>\u00e0 La Maison de l\u2019emploi et de la formation d\u2019Ixelles<\/strong><br \/>\n<em>Rue du Coll\u00e8ge 30 \u2013 1050 Ixelles<\/em><\/p>\n<p><strong>&#8211; <\/strong><strong>GRATUIT<\/strong><strong>\u00a0&#8211;<\/strong><\/p>\n<p><strong>QUI SERA PRESENT?<\/strong><\/p>\n<ul>\n<li><strong>Le Guichet Entreprendre de la Commune d&rsquo;Ixelles\u00a0<\/strong>: <em>orientation, conseils et suivi d\u2019activit\u00e9s d\u00e9velopp\u00e9es dans la Commune d\u2019Ixelles<\/em><\/li>\n<li><strong>La maison de l&rsquo;Emploi et de la Formation d&rsquo;Ixelles<\/strong>\u00a0: <em>information, orientation et accompagnement en mati\u00e8re d\u2019emploi et de formations<\/em><\/li>\n<li><strong>Entreprendre XXL<\/strong>\u00a0: <em>conseils et accompagnement pour les projets et activit\u00e9s situ\u00e9s dans le haut d\u2019Ixelles (contrat de quartier durable &#8211; Ath\u00e9n\u00e9e)<\/em><\/li>\n<li><strong>R-Coop<\/strong>\u00a0: <em>encadrement sur mesure des projets dans le secteur de la coiffure, du service \u00e0 la personne et de l\u2019artisanat<\/em><\/li>\n<li><strong>Start Creation\u00a0<\/strong>: <em>pr\u00e9parer et tester son projet en situation r\u00e9elle, sans risque<\/em><\/li>\n<li><strong>BWMA<\/strong>\u00a0: <em>conseils en entreprise, comptabilit\u00e9 et fiscalit\u00e9<\/em><\/li>\n<li><strong>Refresh Bruxelles<\/strong>: <em>cantine Ixelloise engag\u00e9e, sensibilisation vers une d\u00e9marche alimentaire saine et responsable<\/em><\/li>\n<li><strong>micro<\/strong><em><strong>Start :\u00a0<\/strong><\/em><em>conseils et financement de votre activit\u00e9<br \/>\n<\/em><\/li>\n<\/ul>\n<table style=\"height: 37px;\" width=\"615\">\n<tbody>\n<tr>\n<td><a href=\"https:\/\/docs.google.com\/forms\/d\/1pISQoJCOG8NxQfpNTU4jGAafdt-zx-WUOXWBcXvBdQY\/edit\"><strong>Je participe<\/strong><\/a><\/td>\n<\/tr>\n<\/tbody>\n<\/table>\n<p>Tout le programme de la\u00a0<strong><a href=\"https:\/\/microstart.be\/fr\/semaine-du-microcredit\/programme\">semaine du microcr\u00e9dit<\/a><\/strong>\u00a0sur le site web de <strong>micro<\/strong><em><strong>Start<\/strong><\/em>.<\/p>\n<p><img loading=\"lazy\" decoding=\"async\" class=\"alignnone size-medium wp-image-528\" src=\"http:\/\/entreprendrexxl.be\/wp-content\/uploads\/2019\/03\/Le-18-mars-\u00e0-18h_1-263x300.jpg\" alt=\"\" width=\"263\" height=\"300\" srcset=\"https:\/\/entreprendrexxl.be\/wp-content\/uploads\/2019\/03\/Le-18-mars-\u00e0-18h_1-263x300.jpg 263w, https:\/\/entreprendrexxl.be\/wp-content\/uploads\/2019\/03\/Le-18-mars-\u00e0-18h_1-768x875.jpg 768w, https:\/\/entreprendrexxl.be\/wp-content\/uploads\/2019\/03\/Le-18-mars-\u00e0-18h_1-899x1024.jpg 899w, https:\/\/entreprendrexxl.be\/wp-content\/uploads\/2019\/03\/Le-18-mars-\u00e0-18h_1-696x793.jpg 696w, https:\/\/entreprendrexxl.be\/wp-content\/uploads\/2019\/03\/Le-18-mars-\u00e0-18h_1-1068x1217.jpg 1068w, https:\/\/entreprendrexxl.be\/wp-content\/uploads\/2019\/03\/Le-18-mars-\u00e0-18h_1-369x420.jpg 369w, https:\/\/entreprendrexxl.be\/wp-content\/uploads\/2019\/03\/Le-18-mars-\u00e0-18h_1.jpg 1208w\" sizes=\"auto, (max-width: 263px) 100vw, 263px\" \/><\/p>\n","protected":false},"excerpt":{"rendered":"<p>Au programme Que vous soyez au d\u00e9marrage ou d\u00e9j\u00e0 en activit\u00e9, les associations Ixelloises de soutien \u00e0 l\u2019entrepreneuriat et microStart\u00a0se rassemblent pour vous\u00a0guider dans votre r\u00e9flexion. 18h &#8211; 19h :\u00a0 Diagnostic de vos besoins Orientation vers la structure ad\u00e9quate Entretien individuel pour r\u00e9pondre directement \u00e0 vos questions 19h &#8211; 21h :\u00a0L\u2019\u00e9v\u00e8nement se veut festif ! [&hellip;]<\/p>\n","protected":false},"author":3,"featured_media":525,"comment_status":"closed","ping_status":"open","sticky":false,"template":"","format":"standard","meta":{"footnotes":""},"categories":[7],"tags":[],"class_list":["post-521","post","type-post","status-publish","format-standard","has-post-thumbnail","hentry","category-agenda"],"_links":{"self":[{"href":"https:\/\/entreprendrexxl.be\/fr\/wp-json\/wp\/v2\/posts\/521","targetHints":{"allow":["GET"]}}],"collection":[{"href":"https:\/\/entreprendrexxl.be\/fr\/wp-json\/wp\/v2\/posts"}],"about":[{"href":"https:\/\/entreprendrexxl.be\/fr\/wp-json\/wp\/v2\/types\/post"}],"author":[{"embeddable":true,"href":"https:\/\/entreprendrexxl.be\/fr\/wp-json\/wp\/v2\/users\/3"}],"replies":[{"embeddable":true,"href":"https:\/\/entreprendrexxl.be\/fr\/wp-json\/wp\/v2\/comments?post=521"}],"version-history":[{"count":3,"href":"https:\/\/entreprendrexxl.be\/fr\/wp-json\/wp\/v2\/posts\/521\/revisions"}],"predecessor-version":[{"id":529,"href":"https:\/\/entreprendrexxl.be\/fr\/wp-json\/wp\/v2\/posts\/521\/revisions\/529"}],"wp:featuredmedia":[{"embeddable":true,"href":"https:\/\/entreprendrexxl.be\/fr\/wp-json\/wp\/v2\/media\/525"}],"wp:attachment":[{"href":"https:\/\/entreprendrexxl.be\/fr\/wp-json\/wp\/v2\/media?parent=521"}],"wp:term":[{"taxonomy":"category","embeddable":true,"href":"https:\/\/entreprendrexxl.be\/fr\/wp-json\/wp\/v2\/categories?post=521"},{"taxonomy":"post_tag","embeddable":true,"href":"https:\/\/entreprendrexxl.be\/fr\/wp-json\/wp\/v2\/tags?post=521"}],"curies":[{"name":"wp","href":"https:\/\/api.w.org\/{rel}","templated":true}]}}