{"id":513,"date":"2019-02-28T10:42:23","date_gmt":"2019-02-28T09:42:23","guid":{"rendered":"http:\/\/entreprendrexxl.be\/fr\/?p=513"},"modified":"2021-12-08T16:28:03","modified_gmt":"2021-12-08T15:28:03","slug":"concours-pitch-ton-projet-2019","status":"publish","type":"post","link":"https:\/\/entreprendrexxl.be\/fr\/concours-pitch-ton-projet-2019\/","title":{"rendered":"Concours PITCH ton projet 2019"},"content":{"rendered":"<p>Tu as l\u2019esprit d\u2019entreprendre\u00a0et poss\u00e8des un projet d\u2019entreprise ? <a href=\"https:\/\/app.smartsheet.com\/b\/form\/e4edac803078424cbbf5f956d3ec7640\">Participe au\u00a0<strong>concours PITCH<\/strong> ton projet<\/a>, organis\u00e9 par l&rsquo;efp, rentre ton dossier de<strong> candidature pour le\u00a01<sup>er<\/sup> mars 2019<\/strong> et tente de <strong>remporter\u00a0jusqu\u2019\u00e0 1.000\u20ac<\/strong>\u00a0!<\/p>\n<p><strong>CONCOURS<\/strong><\/p>\n<p>Du <strong>25 au 28 mars 2019<\/strong>, l\u2019efp organise pour la cinqui\u00e8me \u00e9dition la <strong>Semaine Entreprendre<\/strong>. Objectif : sensibiliser les jeunes en formation \u00e0 l&rsquo;efp \u00e0 l\u2019entrepreneuriat.<\/p>\n<p>Pour cl\u00f4turer la semaine, un concours PITCH est organis\u00e9. Le principe est simple :<\/p>\n<ul>\n<li>Pr\u00e9senter son projet entrepreneurial en 3 minutes<\/li>\n<li>Id\u00e9alement, parler de son histoire et de ses motivations<\/li>\n<li>Convaincre les membres du jury<\/li>\n<\/ul>\n<p><strong>PRIX \u00e0 GAGNER<\/strong><\/p>\n<p>A la cl\u00e9, jusqu\u2019\u00e0 <strong>1.000\u20ac offert au gagnant<\/strong> : le prix du jury de 500\u20ac et le prix du public de 500\u20ac.<\/p>\n<p><strong>S\u00c9LECTION<\/strong><\/p>\n<p><strong>1<sup>\u00e8re<\/sup> \u00e9tape<\/strong>, le 18 mars 2019 :\u00a0<strong>20 candidats<\/strong>\u00a0sont s\u00e9lectionn\u00e9s pour pr\u00e9senter leur projet en 3 minutes devant un jury interne \u00e0 l\u2019efp et r\u00e9pondre \u00e0 leurs questions (3 minutes).<\/p>\n<p><strong>FINALE<\/strong><\/p>\n<p><strong>2<sup>\u00e8me<\/sup> \u00e9tape<\/strong>, les\u00a0<strong>8 finalistes<\/strong>\u00a0sont invit\u00e9s le\u00a0<strong>28 mars<\/strong> \u00e0 18h30\u00a0\u00e0 l\u2019efp pour d\u00e9fendre leur projet sur sc\u00e8ne devant un jury d\u2019entrepreneurs et de partenaires. La soir\u00e9e s\u2019ach\u00e8ve par la nomination des gagnants, la remise des prix et un cocktail dinatoire.<\/p>\n<p><strong>INSCRIPTION<\/strong><\/p>\n<p>Pour participer au concours,\u00a0<a href=\"https:\/\/app.smartsheet.com\/b\/form\/e4edac803078424cbbf5f956d3ec7640\"><strong>inscris-toi avant le 1<sup>er <\/sup>mars 2019<\/strong><\/a>\u00a0(<a href=\"https:\/\/www.efp.be\/files\/files\/Re-glement-Concours-Pitch-2019.pdf\">r\u00e8glement du concours<\/a>).<\/p>\n<p>N\u2019attends pas, tente ta chance et ose pr\u00e9senter ton projet de fa\u00e7on inspirante\u00a0!<\/p>\n<p>&nbsp;<\/p>\n<table>\n<tbody>\n<tr>\n<td><a href=\"https:\/\/app.smartsheet.com\/b\/form\/e4edac803078424cbbf5f956d3ec7640\">Je m&rsquo;inscris au concours PITCH<\/a>\u00a0<a href=\"https:\/\/www.efp.be\">><\/a><\/td>\n<\/tr>\n<\/tbody>\n<\/table>\n","protected":false},"excerpt":{"rendered":"<p>Tu as l\u2019esprit d\u2019entreprendre\u00a0et poss\u00e8des un projet d\u2019entreprise ? Participe au\u00a0concours PITCH ton projet, organis\u00e9 par l&rsquo;efp, rentre ton dossier de candidature pour le\u00a01er mars 2019 et tente de remporter\u00a0jusqu\u2019\u00e0 1.000\u20ac\u00a0! CONCOURS Du 25 au 28 mars 2019, l\u2019efp organise pour la cinqui\u00e8me \u00e9dition la Semaine Entreprendre. Objectif : sensibiliser les jeunes en formation \u00e0 [&hellip;]<\/p>\n","protected":false},"author":3,"featured_media":514,"comment_status":"closed","ping_status":"open","sticky":false,"template":"","format":"standard","meta":{"footnotes":""},"categories":[7],"tags":[],"class_list":["post-513","post","type-post","status-publish","format-standard","has-post-thumbnail","hentry","category-agenda"],"_links":{"self":[{"href":"https:\/\/entreprendrexxl.be\/fr\/wp-json\/wp\/v2\/posts\/513","targetHints":{"allow":["GET"]}}],"collection":[{"href":"https:\/\/entreprendrexxl.be\/fr\/wp-json\/wp\/v2\/posts"}],"about":[{"href":"https:\/\/entreprendrexxl.be\/fr\/wp-json\/wp\/v2\/types\/post"}],"author":[{"embeddable":true,"href":"https:\/\/entreprendrexxl.be\/fr\/wp-json\/wp\/v2\/users\/3"}],"replies":[{"embeddable":true,"href":"https:\/\/entreprendrexxl.be\/fr\/wp-json\/wp\/v2\/comments?post=513"}],"version-history":[{"count":5,"href":"https:\/\/entreprendrexxl.be\/fr\/wp-json\/wp\/v2\/posts\/513\/revisions"}],"predecessor-version":[{"id":519,"href":"https:\/\/entreprendrexxl.be\/fr\/wp-json\/wp\/v2\/posts\/513\/revisions\/519"}],"wp:featuredmedia":[{"embeddable":true,"href":"https:\/\/entreprendrexxl.be\/fr\/wp-json\/wp\/v2\/media\/514"}],"wp:attachment":[{"href":"https:\/\/entreprendrexxl.be\/fr\/wp-json\/wp\/v2\/media?parent=513"}],"wp:term":[{"taxonomy":"category","embeddable":true,"href":"https:\/\/entreprendrexxl.be\/fr\/wp-json\/wp\/v2\/categories?post=513"},{"taxonomy":"post_tag","embeddable":true,"href":"https:\/\/entreprendrexxl.be\/fr\/wp-json\/wp\/v2\/tags?post=513"}],"curies":[{"name":"wp","href":"https:\/\/api.w.org\/{rel}","templated":true}]}}