{"id":350,"date":"2018-04-09T14:30:40","date_gmt":"2018-04-09T12:30:40","guid":{"rendered":"http:\/\/entreprendrexxl.be\/fr\/?p=350"},"modified":"2021-12-08T16:28:48","modified_gmt":"2021-12-08T15:28:48","slug":"1819-bouwwerven-beter-coordineren-en-brusselse-handelaars-vergoeden","status":"publish","type":"post","link":"https:\/\/entreprendrexxl.be\/fr\/1819-bouwwerven-beter-coordineren-en-brusselse-handelaars-vergoeden\/","title":{"rendered":"1819 &#8211; Mieux coordonner les chantiers et indemniser les commer\u00e7ants \u00e0 Bruxelles"},"content":{"rendered":"<p>\u00ab\u00a0<em>Des compensations d\u00e9risoires, une proc\u00e9dure lourde et inefficace autant que des conditions d\u2019application trop strictes menant \u00e0 l\u2019insatisfaction g\u00e9n\u00e9rale&#8230; Le syst\u00e8me d\u2019indemnisation des commer\u00e7ants en cas de travaux publics, h\u00e9rit\u00e9 du F\u00e9d\u00e9ral, n\u2019\u00e9tait pas adapt\u00e9 \u00e0 Bruxelles, selon Didier Gosuin, Ministre bruxellois de l\u2019Economie. \u00ab\u00a0L\u2019\u00e9conomie bruxelloise ne peut plus \u00eatre une simple variable d\u2019ajustement lorsque des chantiers sont men\u00e9s dans la R\u00e9gion\u00a0\u00bb.\u00a0<strong>Gr\u00e2ce \u00e0 une nouvelle ordonnance \u00ab chantiers \u00bb,\u00a0<\/strong>le syst\u00e8me actuel r\u00e9pond aux besoins r\u00e9els des commer\u00e7ants et des entreprises.<\/em>\u00a0\u00bb<\/p>\n<p>D\u00e9couvrez la suite de cet article sur le site du <a href=\"https:\/\/www.1819.brussels\/fr\/blog\/mieux-coordonner-les-chantiers-et-indemniser-les-commercants-bruxelles\">1819<\/a>.<\/p>\n","protected":false},"excerpt":{"rendered":"<p>\u00ab\u00a0Des compensations d\u00e9risoires, une proc\u00e9dure lourde et inefficace autant que des conditions d\u2019application trop strictes menant \u00e0 l\u2019insatisfaction g\u00e9n\u00e9rale&#8230; Le syst\u00e8me d\u2019indemnisation des commer\u00e7ants en cas de travaux publics, h\u00e9rit\u00e9 du F\u00e9d\u00e9ral, n\u2019\u00e9tait pas adapt\u00e9 \u00e0 Bruxelles, selon Didier Gosuin, Ministre bruxellois de l\u2019Economie. \u00ab\u00a0L\u2019\u00e9conomie bruxelloise ne peut plus \u00eatre une simple variable d\u2019ajustement lorsque [&hellip;]<\/p>\n","protected":false},"author":3,"featured_media":351,"comment_status":"closed","ping_status":"open","sticky":false,"template":"","format":"standard","meta":{"footnotes":""},"categories":[5],"tags":[],"class_list":["post-350","post","type-post","status-publish","format-standard","has-post-thumbnail","hentry","category-nouvelles"],"_links":{"self":[{"href":"https:\/\/entreprendrexxl.be\/fr\/wp-json\/wp\/v2\/posts\/350","targetHints":{"allow":["GET"]}}],"collection":[{"href":"https:\/\/entreprendrexxl.be\/fr\/wp-json\/wp\/v2\/posts"}],"about":[{"href":"https:\/\/entreprendrexxl.be\/fr\/wp-json\/wp\/v2\/types\/post"}],"author":[{"embeddable":true,"href":"https:\/\/entreprendrexxl.be\/fr\/wp-json\/wp\/v2\/users\/3"}],"replies":[{"embeddable":true,"href":"https:\/\/entreprendrexxl.be\/fr\/wp-json\/wp\/v2\/comments?post=350"}],"version-history":[{"count":5,"href":"https:\/\/entreprendrexxl.be\/fr\/wp-json\/wp\/v2\/posts\/350\/revisions"}],"predecessor-version":[{"id":362,"href":"https:\/\/entreprendrexxl.be\/fr\/wp-json\/wp\/v2\/posts\/350\/revisions\/362"}],"wp:featuredmedia":[{"embeddable":true,"href":"https:\/\/entreprendrexxl.be\/fr\/wp-json\/wp\/v2\/media\/351"}],"wp:attachment":[{"href":"https:\/\/entreprendrexxl.be\/fr\/wp-json\/wp\/v2\/media?parent=350"}],"wp:term":[{"taxonomy":"category","embeddable":true,"href":"https:\/\/entreprendrexxl.be\/fr\/wp-json\/wp\/v2\/categories?post=350"},{"taxonomy":"post_tag","embeddable":true,"href":"https:\/\/entreprendrexxl.be\/fr\/wp-json\/wp\/v2\/tags?post=350"}],"curies":[{"name":"wp","href":"https:\/\/api.w.org\/{rel}","templated":true}]}}