{"id":1078,"date":"2022-09-26T10:25:45","date_gmt":"2022-09-26T08:25:45","guid":{"rendered":"https:\/\/entreprendrexxl.be\/fr\/?p=1078"},"modified":"2022-10-18T14:47:12","modified_gmt":"2022-10-18T12:47:12","slug":"appel-a-candidature-oeuvres-artistiques","status":"publish","type":"post","link":"https:\/\/entreprendrexxl.be\/fr\/appel-a-candidature-oeuvres-artistiques\/","title":{"rendered":"Appel \u00e0 candidature ! Oeuvres artistiques"},"content":{"rendered":"<p>Dans le cadre du projet d\u2019embellissement et de dynamisation commerciale des cellules inoccup\u00e9es, l\u2019ASBL Entreprendre XXL lance un appel \u00e0 candidatures pour s\u00e9lectionner des artistes qui exposeront une ou plusieurs \u0153uvres dans les vitrines commerciales inoccup\u00e9es du quartier Flagey.<\/p>\n<p>Date limite des candidatures : dimanche 23 octobre 2022 \u00e0 minuit.<\/p>\n<p>Plus d&rsquo;informations par <a href=\"https:\/\/entreprendrexxl.be\/wp-content\/uploads\/2022\/09\/Appel-a-projet-oeuvres-Flagey.pdf\">ici<\/a> !<\/p>\n","protected":false},"excerpt":{"rendered":"<p>Dans le cadre du projet d\u2019embellissement et de dynamisation commerciale des cellules inoccup\u00e9es, l\u2019ASBL Entreprendre XXL lance un appel \u00e0 candidatures pour s\u00e9lectionner des artistes qui exposeront une ou plusieurs \u0153uvres dans les vitrines commerciales inoccup\u00e9es du quartier Flagey. Date limite des candidatures : dimanche 23 octobre 2022 \u00e0 minuit. Plus d&rsquo;informations par ici !<\/p>\n","protected":false},"author":4,"featured_media":1096,"comment_status":"closed","ping_status":"open","sticky":false,"template":"","format":"standard","meta":{"footnotes":""},"categories":[7,5,10],"tags":[],"class_list":["post-1078","post","type-post","status-publish","format-standard","has-post-thumbnail","hentry","category-agenda","category-nouvelles","category-projecten"],"_links":{"self":[{"href":"https:\/\/entreprendrexxl.be\/fr\/wp-json\/wp\/v2\/posts\/1078","targetHints":{"allow":["GET"]}}],"collection":[{"href":"https:\/\/entreprendrexxl.be\/fr\/wp-json\/wp\/v2\/posts"}],"about":[{"href":"https:\/\/entreprendrexxl.be\/fr\/wp-json\/wp\/v2\/types\/post"}],"author":[{"embeddable":true,"href":"https:\/\/entreprendrexxl.be\/fr\/wp-json\/wp\/v2\/users\/4"}],"replies":[{"embeddable":true,"href":"https:\/\/entreprendrexxl.be\/fr\/wp-json\/wp\/v2\/comments?post=1078"}],"version-history":[{"count":4,"href":"https:\/\/entreprendrexxl.be\/fr\/wp-json\/wp\/v2\/posts\/1078\/revisions"}],"predecessor-version":[{"id":1089,"href":"https:\/\/entreprendrexxl.be\/fr\/wp-json\/wp\/v2\/posts\/1078\/revisions\/1089"}],"wp:featuredmedia":[{"embeddable":true,"href":"https:\/\/entreprendrexxl.be\/fr\/wp-json\/wp\/v2\/media\/1096"}],"wp:attachment":[{"href":"https:\/\/entreprendrexxl.be\/fr\/wp-json\/wp\/v2\/media?parent=1078"}],"wp:term":[{"taxonomy":"category","embeddable":true,"href":"https:\/\/entreprendrexxl.be\/fr\/wp-json\/wp\/v2\/categories?post=1078"},{"taxonomy":"post_tag","embeddable":true,"href":"https:\/\/entreprendrexxl.be\/fr\/wp-json\/wp\/v2\/tags?post=1078"}],"curies":[{"name":"wp","href":"https:\/\/api.w.org\/{rel}","templated":true}]}}