{"id":1043,"date":"2022-04-01T12:43:34","date_gmt":"2022-04-01T10:43:34","guid":{"rendered":"https:\/\/entreprendrexxl.be\/fr\/?p=1043"},"modified":"2022-05-10T12:08:19","modified_gmt":"2022-05-10T10:08:19","slug":"la-semaine-des-entrepreneuses-11-12-et-13-mai-2022","status":"publish","type":"post","link":"https:\/\/entreprendrexxl.be\/fr\/la-semaine-des-entrepreneuses-11-12-et-13-mai-2022\/","title":{"rendered":"Ixelles organise sa 1\u00e8re Semaine des entrepreneuses"},"content":{"rendered":"<p style=\"text-align: left;\">Du 11 au 13 mai 2022 !<\/p>\n<p style=\"text-align: left;\">Vous r\u00eavez d\u2019entreprendre ou vous avez os\u00e9 vous lancer il y a peu\u00a0?<\/p>\n<p style=\"text-align: left;\">Entreprendre XXL et le service Commerce et D\u00e9veloppement \u00e9conomique #Ixelles vous proposent une semaine riche en d\u00e9couvertes, rencontres et apprentissages\u00a0!<\/p>\n<p style=\"text-align: left;\">Au menu, des ateliers percutants pens\u00e9s pour qu\u2019en 2\/3h vous repartiez avec des id\u00e9es plus claires et des outils concrets pour l\u2019avenir de votre business.<\/p>\n<p style=\"text-align: left;\">Ces ateliers sont gratuits et r\u00e9serv\u00e9s aux femmes (futures) entrepreneuses \u00e0 Ixelles et \u00e0 Bruxelles. Ils ont lieu \u00e0 la Rue Gray \u00e0 Ixelles.<\/p>\n<p>Programme des Ateliers :<\/p>\n<ul>\n<li><strong>Mon plan Financier : pourquoi et comment le r\u00e9aliser ?<\/strong> Mercredi 11 mai \u00e0 9h30, anim\u00e9 par Cr\u00e9dal &#8211; COMPLET &#8211;<\/li>\n<\/ul>\n<ul>\n<li>\u00a0<strong>Moi, mon argent et mon business.<\/strong> Mercredi 11 mai \u00e0 13h30, anim\u00e9 par ILES ASBL -COMPLET\u00a0&#8211;<\/li>\n<\/ul>\n<ul>\n<li><strong>Entreprendre dans la mode durable : rencontres et t\u00e9moignages.<\/strong> Jeudi 12 mai \u00e0 9h30, anim\u00e9 par Juliet, M\u00e9lissa et Sophie &#8211;\u00a0<a href=\"https:\/\/form.jotform.com\/220893454304354\">S&rsquo;inscrire ici<\/a>\u00a0&#8211;<\/li>\n<\/ul>\n<ul>\n<li><strong>Le d\u00e9veloppement durable au coeur de mon projet<\/strong>. Jeudi 12 mai \u00e0 13h30, anim\u00e9 par Village Partenaire &#8211;\u00a0<a href=\"https:\/\/form.jotform.com\/220893454304354\">S&rsquo;inscrire ici<\/a>\u00a0&#8211;<\/li>\n<\/ul>\n<ul>\n<li><strong>Le storytelling : raconter mon projet autrement.<\/strong> Vendredi 13 mai \u00e0 9h30, anim\u00e9 par Les Branch\u00e9es -Complet &#8211;<\/li>\n<\/ul>\n<ul>\n<li><strong>Ma visibilit\u00e9 en ligne<\/strong>. Vendredi 13 mai \u00e0 13h30, anim\u00e9 par l&rsquo;Agence Digitale Solidaire &#8211; Complet\u00a0&#8211;<\/li>\n<\/ul>\n<p style=\"text-align: left;\">Les places sont pr\u00e9vues pour 15 participantes par atelier, inscrivez-vous au plus vite !<\/p>\n<p style=\"text-align: left;\">Le programme complet et le descriptif de chaque atelier se trouvent <a href=\"https:\/\/entreprendrexxl.be\/wp-content\/uploads\/2022\/04\/Communication-Semaine-des-entrepreneuses-2.pdf\">ici<\/a>.<\/p>\n<p>&nbsp;<\/p>\n<p>&nbsp;<\/p>\n","protected":false},"excerpt":{"rendered":"<p>Du 11 au 13 mai 2022 ! Vous r\u00eavez d\u2019entreprendre ou vous avez os\u00e9 vous lancer il y a peu\u00a0? Entreprendre XXL et le service Commerce et D\u00e9veloppement \u00e9conomique #Ixelles vous proposent une semaine riche en d\u00e9couvertes, rencontres et apprentissages\u00a0! Au menu, des ateliers percutants pens\u00e9s pour qu\u2019en 2\/3h vous repartiez avec des id\u00e9es plus [&hellip;]<\/p>\n","protected":false},"author":4,"featured_media":1045,"comment_status":"closed","ping_status":"open","sticky":false,"template":"","format":"standard","meta":{"footnotes":""},"categories":[6,7],"tags":[],"class_list":["post-1043","post","type-post","status-publish","format-standard","has-post-thumbnail","hentry","category-agenda-ixelles","category-agenda"],"_links":{"self":[{"href":"https:\/\/entreprendrexxl.be\/fr\/wp-json\/wp\/v2\/posts\/1043","targetHints":{"allow":["GET"]}}],"collection":[{"href":"https:\/\/entreprendrexxl.be\/fr\/wp-json\/wp\/v2\/posts"}],"about":[{"href":"https:\/\/entreprendrexxl.be\/fr\/wp-json\/wp\/v2\/types\/post"}],"author":[{"embeddable":true,"href":"https:\/\/entreprendrexxl.be\/fr\/wp-json\/wp\/v2\/users\/4"}],"replies":[{"embeddable":true,"href":"https:\/\/entreprendrexxl.be\/fr\/wp-json\/wp\/v2\/comments?post=1043"}],"version-history":[{"count":7,"href":"https:\/\/entreprendrexxl.be\/fr\/wp-json\/wp\/v2\/posts\/1043\/revisions"}],"predecessor-version":[{"id":1063,"href":"https:\/\/entreprendrexxl.be\/fr\/wp-json\/wp\/v2\/posts\/1043\/revisions\/1063"}],"wp:featuredmedia":[{"embeddable":true,"href":"https:\/\/entreprendrexxl.be\/fr\/wp-json\/wp\/v2\/media\/1045"}],"wp:attachment":[{"href":"https:\/\/entreprendrexxl.be\/fr\/wp-json\/wp\/v2\/media?parent=1043"}],"wp:term":[{"taxonomy":"category","embeddable":true,"href":"https:\/\/entreprendrexxl.be\/fr\/wp-json\/wp\/v2\/categories?post=1043"},{"taxonomy":"post_tag","embeddable":true,"href":"https:\/\/entreprendrexxl.be\/fr\/wp-json\/wp\/v2\/tags?post=1043"}],"curies":[{"name":"wp","href":"https:\/\/api.w.org\/{rel}","templated":true}]}}