{"id":1016,"date":"2022-03-10T10:53:38","date_gmt":"2022-03-10T09:53:38","guid":{"rendered":"https:\/\/entreprendrexxl.be\/fr\/?p=1016"},"modified":"2022-03-11T10:46:33","modified_gmt":"2022-03-11T09:46:33","slug":"ixelles-dynamise-les-cellules-commerciales-vides","status":"publish","type":"post","link":"https:\/\/entreprendrexxl.be\/fr\/ixelles-dynamise-les-cellules-commerciales-vides\/","title":{"rendered":"Ixelles dynamise les cellules commerciales vides"},"content":{"rendered":"<p>L\u2019ASBL Entreprendre XXL m\u00e8ne un projet afin de dynamiser les quartiers commer\u00e7ants et plus particuli\u00e8rement les cellules vides dans le p\u00e9rim\u00e8tre du Nord d\u2019Ixelles.<\/p>\n<p><em>\u00a0\u00ab\u00a0On constate, dans le Nord d\u2019Ixelles, une s\u00e9rie de micro-quartiers \u00e0 l\u2019identit\u00e9 commerciale porteuse mais qu\u2019il faut soutenir pour y maintenir un niveau qualitatif en mati\u00e8re d\u2019offre commerciale et \u00e9viter la vacuit\u00e9 commerciale\u00a0\u00bb<\/em> explique Audrey Lhoest, Echevine du Commerce et du D\u00e9veloppement \u00e9conomique et pr\u00e9sidente d\u2019Entreprendre XXL.<\/p>\n<p>Ainsi, les propri\u00e9taires de cellules vides ont \u00e9t\u00e9 identifi\u00e9s et contact\u00e9s afin de comprendre, dans un premier temps, la raison de la vacuit\u00e9 commerciale, et, dans un second temps, de leur proposer d\u2019agir sur ce ph\u00e9nom\u00e8ne.<\/p>\n<p>Cette premi\u00e8re \u00e9tape a permis de confirmer que les quartiers commer\u00e7ants, bien que dynamiques, rencontrent des difficult\u00e9s telles que<\/p>\n<ul>\n<li>un parc immobilier vieillissant qui a besoin d\u2019\u00eatre r\u00e9nov\u00e9\u00a0;<\/li>\n<li>des loyers commerciaux \u00e9lev\u00e9s\u00a0;<\/li>\n<li>une pression d\u00e9mographique qui incite certains propri\u00e9taires \u00e0 transformer leur surface commerciale en logement\u00a0;<\/li>\n<li>certains pans de quartiers pour lesquels on constate un d\u00e9s\u00e9quilibre entre le loyer demand\u00e9 et l\u2019opportunit\u00e9 commerciale\u00a0;<\/li>\n<li>la concurrence des grandes enseignes.<\/li>\n<\/ul>\n<p>L\u2019ASBL a propos\u00e9 \u00e0 dix propri\u00e9taires int\u00e9ress\u00e9s de changer l\u2019image de leur devanture : de surfaces tristes, vides elles sont devenues color\u00e9es et plus vives suite \u00e0 la pose d\u2019\u0153uvres d\u2019art sous forme de vitrophanie.<\/p>\n<p>Ces \u0153uvres ont \u00e9t\u00e9 choisies par un jury suite \u00e0 un appel \u00e0 projets diffus\u00e9 au niveau des artistes ixellois et bruxellois.<\/p>\n<p>Ce projet sera poursuivi, visant, notamment, \u00e0 mettre ces surfaces \u00e0 louer en avant, tout en assurant un suivi, en partenariat avec Hub.brussels, afin d\u2019identifier les candidat.e.s commer\u00e7ant.e.s potentiels pour les occuper en y incitant l\u2019installation de commerces durables.<\/p>\n<p>Ce projet affecte directement les dix cellules concern\u00e9es, mais impacte \u00e9galement le commerce de mani\u00e8re g\u00e9n\u00e9rale dans le quartier : il doit attirer les passants, susciter la curiosit\u00e9, et permettre une continuit\u00e9 commerciale dans les voiries concern\u00e9es.<\/p>\n<p>N&rsquo;h\u00e9sitez pas \u00e0 vous balader dans les rues afin de retrouver ces 10 oeuvres, ou consultez le fichier ici :\u00a0<a href=\"https:\/\/entreprendrexxl.be\/wp-content\/uploads\/2022\/03\/Cellules-Vides_Commerces-participants_Ixelles.pdf\">Surfaces commerciales d\u00e9cor\u00e9es \u00e0 Ixelles<\/a> .<\/p>\n<p>&nbsp;<\/p>\n","protected":false},"excerpt":{"rendered":"<p>L\u2019ASBL Entreprendre XXL m\u00e8ne un projet afin de dynamiser les quartiers commer\u00e7ants et plus particuli\u00e8rement les cellules vides dans le p\u00e9rim\u00e8tre du Nord d\u2019Ixelles. \u00a0\u00ab\u00a0On constate, dans le Nord d\u2019Ixelles, une s\u00e9rie de micro-quartiers \u00e0 l\u2019identit\u00e9 commerciale porteuse mais qu\u2019il faut soutenir pour y maintenir un niveau qualitatif en mati\u00e8re d\u2019offre commerciale et \u00e9viter la [&hellip;]<\/p>\n","protected":false},"author":3,"featured_media":1036,"comment_status":"closed","ping_status":"open","sticky":false,"template":"","format":"standard","meta":{"footnotes":""},"categories":[10],"tags":[],"class_list":["post-1016","post","type-post","status-publish","format-standard","has-post-thumbnail","hentry","category-projecten"],"_links":{"self":[{"href":"https:\/\/entreprendrexxl.be\/fr\/wp-json\/wp\/v2\/posts\/1016","targetHints":{"allow":["GET"]}}],"collection":[{"href":"https:\/\/entreprendrexxl.be\/fr\/wp-json\/wp\/v2\/posts"}],"about":[{"href":"https:\/\/entreprendrexxl.be\/fr\/wp-json\/wp\/v2\/types\/post"}],"author":[{"embeddable":true,"href":"https:\/\/entreprendrexxl.be\/fr\/wp-json\/wp\/v2\/users\/3"}],"replies":[{"embeddable":true,"href":"https:\/\/entreprendrexxl.be\/fr\/wp-json\/wp\/v2\/comments?post=1016"}],"version-history":[{"count":7,"href":"https:\/\/entreprendrexxl.be\/fr\/wp-json\/wp\/v2\/posts\/1016\/revisions"}],"predecessor-version":[{"id":1035,"href":"https:\/\/entreprendrexxl.be\/fr\/wp-json\/wp\/v2\/posts\/1016\/revisions\/1035"}],"wp:featuredmedia":[{"embeddable":true,"href":"https:\/\/entreprendrexxl.be\/fr\/wp-json\/wp\/v2\/media\/1036"}],"wp:attachment":[{"href":"https:\/\/entreprendrexxl.be\/fr\/wp-json\/wp\/v2\/media?parent=1016"}],"wp:term":[{"taxonomy":"category","embeddable":true,"href":"https:\/\/entreprendrexxl.be\/fr\/wp-json\/wp\/v2\/categories?post=1016"},{"taxonomy":"post_tag","embeddable":true,"href":"https:\/\/entreprendrexxl.be\/fr\/wp-json\/wp\/v2\/tags?post=1016"}],"curies":[{"name":"wp","href":"https:\/\/api.w.org\/{rel}","templated":true}]}}